{"id":2897,"date":"2026-01-20T06:44:19","date_gmt":"2026-01-20T03:44:19","guid":{"rendered":"https:\/\/daryadentalturkey.com\/staging\/?p=2897"},"modified":"2026-01-29T16:42:09","modified_gmt":"2026-01-29T13:42:09","slug":"uskudar-klinigimizde-estetik-gulus-icin-lamine-kaplama","status":"publish","type":"post","link":"https:\/\/daryadentalturkey.com\/tr\/uskudar-klinigimizde-estetik-gulus-icin-lamine-kaplama\/","title":{"rendered":"\u00dcsk\u00fcdar Klini\u011fimizde Estetik G\u00fcl\u00fc\u015f \u0130\u00e7in Lamine Kaplama"},"content":{"rendered":"\n<h2 class=\"wp-block-heading\" id=\"h-gulus-estetiginde-yeni-bir-donem-lamine-kaplama-nedir\">G\u00fcl\u00fc\u015f Esteti\u011finde Yeni Bir D\u00f6nem: Lamine Kaplama Nedir?<\/h2>\n\n\n\n<p>G\u00fcl\u00fc\u015f, bir ki\u015finin ilk izleniminde b\u00fcy\u00fck rol oynar. Bembeyaz, d\u00fczg\u00fcn ve sa\u011fl\u0131kl\u0131 g\u00f6r\u00fcnen di\u015fler, \u00f6zg\u00fcveni art\u0131r\u0131rken sosyal hayat\u0131 da olumlu etkiler. G\u00fcn\u00fcm\u00fczde estetik di\u015f hekimli\u011finin sundu\u011fu en etkili y\u00f6ntemlerden biri olan <strong>lamine kaplama<\/strong> (veya lamina veneer), do\u011fal g\u00f6r\u00fcn\u00fcml\u00fc ve kal\u0131c\u0131 bir g\u00fcl\u00fc\u015f d\u00f6n\u00fc\u015f\u00fcm\u00fc sa\u011flar.<\/p>\n\n\n\n<p>Lamine kaplama, di\u015flerin \u00f6n y\u00fczeyine uygulanan ince porselen yapraklardan olu\u015fur. Di\u015f dokusuna minimum m\u00fcdahaleyle yap\u0131lan bu i\u015flem sayesinde, estetik sorunlar k\u0131sa s\u00fcrede ortadan kald\u0131r\u0131labilir. \u00dcsk\u00fcdar\u2019daki klini\u011fimizde bu alanda uzman hekimlerimizle ki\u015fiye \u00f6zel \u00e7\u00f6z\u00fcmler sunuyoruz.<\/p>\n\n\n\n<h2 class=\"wp-block-heading\" id=\"h-lamine-kaplama-hangi-durumlarda-tercih-edilir\"><strong>Lamine Kaplama Hangi Durumlarda Tercih Edilir?<\/strong><br><\/h2>\n\n\n\n<p><a href=\"https:\/\/daryadentalturkey.com\/tr\/porselen-lamina-kaplamalar\/\">Lamine kaplama,<\/a> bir\u00e7ok estetik problemi d\u00fczeltmede etkili bir \u00e7\u00f6z\u00fcmd\u00fcr. A\u015fa\u011f\u0131daki durumlarda uygulanabilir:<\/p>\n\n\n\n<ul class=\"wp-block-list\">\n<li>Di\u015flerde renk bozukluklar\u0131 (beyazlatma ile giderilemeyen lekeler)<\/li>\n\n\n\n<li>Di\u015f aras\u0131 bo\u015fluklar (diastema)<\/li>\n\n\n\n<li>Hafif \u00e7apra\u015f\u0131kl\u0131klar<\/li>\n\n\n\n<li>K\u0131r\u0131k, \u00e7atlak veya a\u015f\u0131nm\u0131\u015f di\u015fler<\/li>\n\n\n\n<li>Di\u015f boyunun k\u0131sa olmas\u0131<\/li>\n<\/ul>\n\n\n\n<p>Bu i\u015flemi yapt\u0131rmak isteyen ki\u015filerin genel a\u011f\u0131z ve di\u015f sa\u011fl\u0131\u011f\u0131 iyi olmal\u0131d\u0131r. E\u011fer di\u015f eti hastal\u0131\u011f\u0131 ya da ileri d\u00fczey \u00e7\u00fcr\u00fck mevcutsa, \u00f6nce bu sorunlar tedavi edilmelidir.<\/p>\n\n\n\n<h2 class=\"wp-block-heading\" id=\"h-uskudar-klinigimizde-lamine-kaplama-sureci-nasil-isliyor\">\u00dcsk\u00fcdar Klini\u011fimizde Lamine Kaplama S\u00fcreci Nas\u0131l \u0130\u015fliyor?<\/h2>\n\n\n\n<p>Klini\u011fimizde lamine kaplama i\u015flemi, titizlikle y\u00fcr\u00fct\u00fclen birka\u00e7 a\u015famadan olu\u015fur:<\/p>\n\n\n\n<h3 class=\"wp-block-heading\" id=\"h-1-muayene-ve-planlama\">1. Muayene ve Planlama<\/h3>\n\n\n\n<p>\u0130lk olarak uzman di\u015f hekimimiz hastay\u0131 muayene eder. Di\u015flerin yap\u0131s\u0131, estetik beklentiler ve uygulanabilirlik de\u011ferlendirilir. Gerekirse dijital g\u00fcl\u00fc\u015f tasar\u0131m\u0131 (DSD) kullan\u0131larak hastaya i\u015flem sonras\u0131 g\u00f6r\u00fcn\u00fcm hakk\u0131nda \u00f6n izleme yap\u0131l\u0131r.<\/p>\n\n\n\n<h3 class=\"wp-block-heading\" id=\"h-2-hazirlik-asamasi\">2. Haz\u0131rl\u0131k A\u015famas\u0131<\/h3>\n\n\n\n<p>Gerekli durumlarda di\u015flerin \u00f6n y\u00fczeyinden \u00e7ok ince bir tabaka al\u0131n\u0131r. Bu, laminalar\u0131n do\u011fal g\u00f6r\u00fcn\u00fcml\u00fc olmas\u0131 i\u00e7in \u00f6nemlidir. Ard\u0131ndan \u00f6l\u00e7\u00fcler al\u0131n\u0131r ve laboratuvara g\u00f6nderilir.<\/p>\n\n\n\n<h3 class=\"wp-block-heading\" id=\"h-3-gecici-kaplamalar\">3. Ge\u00e7ici Kaplamalar<\/h3>\n\n\n\n<p>Lamineler haz\u0131rlan\u0131rken, hastaya ge\u00e7ici kaplamalar tak\u0131l\u0131r. Bu sayede hem estetik a\u00e7\u0131dan rahats\u0131zl\u0131k ya\u015fanmaz hem de di\u015fler korunmu\u015f olur.<\/p>\n\n\n\n<h3 class=\"wp-block-heading\" id=\"h-4-uygulama\">4. Uygulama<\/h3>\n\n\n\n<p>Haz\u0131rlanan porselen lamineler, \u00f6zel bir yap\u0131\u015ft\u0131r\u0131c\u0131 ile di\u015flere uygulan\u0131r. Renk ve uyum kontrolleri titizlikle yap\u0131l\u0131r. Ard\u0131ndan son parlatma i\u015flemiyle estetik g\u00fcl\u00fc\u015f tamamlan\u0131r.<\/p>\n\n\n\n<h2 class=\"wp-block-heading\" id=\"h-lamine-kaplamalar-uzun-omurlu-mu\"><strong>Lamine Kaplamalar Uzun \u00d6m\u00fcrl\u00fc m\u00fc?<\/strong><br><\/h2>\n\n\n\n<p>Lamine kaplamalar, dayan\u0131kl\u0131 porselen malzemelerden \u00fcretildi\u011fi i\u00e7in uzun y\u0131llar kullan\u0131labilir. Ortalama \u00f6m\u00fcrleri 10-15 y\u0131l aras\u0131nda de\u011fi\u015fmektedir. Ancak bu s\u00fcrenin uzamas\u0131, hastan\u0131n a\u011f\u0131z bak\u0131m\u0131na verdi\u011fi \u00f6zenle do\u011frudan ilgilidir.<\/p>\n\n\n\n<p>Sert cisimleri di\u015fle k\u0131rmamak, d\u00fczenli di\u015f hekimi kontrollerine gitmek ve iyi a\u011f\u0131z hijyeni sa\u011flamak laminelerin \u00f6mr\u00fcn\u00fc uzatacakt\u0131r.<\/p>\n\n\n\n<h2 class=\"wp-block-heading\" id=\"h-lamine-kaplama-ile-dis-beyazlatma-arasindaki-fark-nedir\">Lamine Kaplama ile Di\u015f Beyazlatma Aras\u0131ndaki Fark Nedir?<\/h2>\n\n\n\n<p>Di\u015f beyazlatma i\u015flemi, di\u015f minesine uygulanan kimyasal ajanlarla renk a\u00e7ma sa\u011flar. Ancak baz\u0131 lekeler bu y\u00f6ntemle giderilemez. Ayr\u0131ca di\u015f beyazlatma ge\u00e7ici bir \u00e7\u00f6z\u00fcmd\u00fcr ve zamanla di\u015fler tekrar renklenebilir.<\/p>\n\n\n\n<p>Lamine kaplama ise hem kal\u0131c\u0131 beyazl\u0131k hem de \u015fekil d\u00fczeltmesi sa\u011flar. \u00d6zellikle estetik a\u00e7\u0131dan daha kapsaml\u0131 ve uzun \u00f6m\u00fcrl\u00fc bir \u00e7\u00f6z\u00fcm sunar.<\/p>\n\n\n\n<h2 class=\"wp-block-heading\" id=\"h-lamine-kaplama-agrili-bir-islem-midir\">Lamine Kaplama A\u011fr\u0131l\u0131 Bir \u0130\u015flem midir?<\/h2>\n\n\n\n<p>Hay\u0131r, lamine kaplama i\u015flemi genellikle a\u011fr\u0131s\u0131zd\u0131r. Di\u015flerin \u00f6n y\u00fczeyinden \u00e7ok ince bir tabaka al\u0131nd\u0131\u011f\u0131 i\u00e7in lokal anestezi ile i\u015flem konforlu hale getirilir. Baz\u0131 durumlarda anesteziye bile gerek kalmaz.<\/p>\n\n\n\n<p>\u0130\u015flem sonras\u0131 hafif hassasiyet ya\u015fanabilir, ancak bu genellikle birka\u00e7 g\u00fcn i\u00e7inde kendili\u011finden ge\u00e7er.<\/p>\n\n\n\n<h2 class=\"wp-block-heading\" id=\"h-klinigimizde-sizi-neler-bekliyor\">Klini\u011fimizde Sizi Neler Bekliyor?<\/h2>\n\n\n\n<p>\u00dcsk\u00fcdar\u2019da bulunan modern klini\u011fimizde lamine kaplama i\u015flemlerini en g\u00fcncel teknolojilerle ve y\u00fcksek kalite standartlar\u0131yla ger\u00e7ekle\u015ftiriyoruz. Sizi bekleyen baz\u0131 avantajlar:<\/p>\n\n\n\n<ul class=\"wp-block-list\">\n<li><strong>Deneyimli estetik di\u015f hekimleri<\/strong><\/li>\n\n\n\n<li><strong>Dijital g\u00fcl\u00fc\u015f tasar\u0131m\u0131 ile \u00f6nizleme imk\u00e2n\u0131<\/strong><\/li>\n\n\n\n<li><strong>Ki\u015fiye \u00f6zel planlama<\/strong><\/li>\n\n\n\n<li><strong>Hijyenik, konforlu ortam<\/strong><\/li>\n\n\n\n<li><strong>Uygun \u00f6deme se\u00e7enekleri<\/strong><\/li>\n<\/ul>\n\n\n\n<h2 class=\"wp-block-heading\" id=\"h-sik-sorulan-sorular-sss\">S\u0131k Sorulan Sorular (SSS)<\/h2>\n\n\n\n<p><strong>1. Lamine kaplama do\u011fal g\u00f6r\u00fcn\u00fcr m\u00fc?<\/strong><br>Evet, kaplamalar di\u015f rengine ve \u015fekline \u00f6zel olarak haz\u0131rland\u0131\u011f\u0131 i\u00e7in son derece do\u011fal bir g\u00f6r\u00fcn\u00fcm sunar.<\/p>\n\n\n\n<p><strong>2. T\u00fcm di\u015flere mi uygulan\u0131r?<\/strong><br>Genellikle \u00f6n b\u00f6lgedeki (g\u00fcl\u00fc\u015f hatt\u0131ndaki) di\u015flere uygulan\u0131r. Hangi di\u015flere uygulanaca\u011f\u0131 hekim muayenesi ile belirlenir.<\/p>\n\n\n\n<p><strong>3. Lamine kaplama \u00e7\u0131kar\u0131labilir mi?<\/strong><br>Hay\u0131r, sabit bir uygulamad\u0131r. Ancak gerekti\u011finde \u00e7\u0131kar\u0131l\u0131p yenisi yap\u0131labilir.<\/p>\n\n\n\n<p><strong>4. Lamina kaplama fiyatlar\u0131 nedir?<\/strong><br>Fiyatlar kullan\u0131lan malzeme, di\u015f say\u0131s\u0131 ve tedavi plan\u0131na g\u00f6re de\u011fi\u015fiklik g\u00f6sterir. \u00dccretsiz \u00f6n muayene sonras\u0131 net bilgi verilebilir.<\/p>\n\n\n\n<h2 class=\"wp-block-heading\" id=\"h-estetik-gulus-icin-ilk-adimi-atin\">Estetik G\u00fcl\u00fc\u015f \u0130\u00e7in \u0130lk Ad\u0131m\u0131 At\u0131n!<\/h2>\n\n\n\n<p>Hayalinizdeki bembeyaz ve kusursuz g\u00fcl\u00fc\u015fe kavu\u015fmak art\u0131k \u00e7ok kolay! Darya di\u015f klini\u011fi<\/p>\n","protected":false},"excerpt":{"rendered":"<p>G\u00fcl\u00fc\u015f Esteti\u011finde Yeni Bir D\u00f6nem: Lamine Kaplama Nedir? G\u00fcl\u00fc\u015f, bir ki\u015finin ilk izleniminde b\u00fcy\u00fck rol oynar. Bembeyaz, d\u00fczg\u00fcn ve sa\u011fl\u0131kl\u0131 g\u00f6r\u00fcnen di\u015fler, \u00f6zg\u00fcveni art\u0131r\u0131rken sosyal hayat\u0131 da olumlu etkiler. G\u00fcn\u00fcm\u00fczde estetik di\u015f hekimli\u011finin sundu\u011fu en etkili y\u00f6ntemlerden biri olan lamine kaplama (veya lamina veneer), do\u011fal g\u00f6r\u00fcn\u00fcml\u00fc ve kal\u0131c\u0131 bir g\u00fcl\u00fc\u015f d\u00f6n\u00fc\u015f\u00fcm\u00fc sa\u011flar. Lamine kaplama, di\u015flerin [&hellip;]<\/p>\n","protected":false},"author":3,"featured_media":2920,"comment_status":"closed","ping_status":"open","sticky":false,"template":"","format":"standard","meta":{"_acf_changed":false,"footnotes":""},"categories":[16],"tags":[],"class_list":["post-2897","post","type-post","status-publish","format-standard","has-post-thumbnail","hentry","category-dis-prosedurleri"],"acf":[],"yoast_head":"<!-- This site is optimized with the Yoast SEO Premium plugin v27.4 (Yoast SEO v27.4) - https:\/\/yoast.com\/product\/yoast-seo-premium-wordpress\/ -->\n<title>\u00dcsk\u00fcdar Klini\u011fimizde Estetik G\u00fcl\u00fc\u015f \u0130\u00e7in Lamine Kaplama - Darya Dental Clinic<\/title>\n<meta name=\"robots\" content=\"index, follow, max-snippet:-1, max-image-preview:large, max-video-preview:-1\" \/>\n<link rel=\"canonical\" href=\"https:\/\/daryadentalturkey.com\/tr\/uskudar-klinigimizde-estetik-gulus-icin-lamine-kaplama\/\" \/>\n<meta property=\"og:locale\" content=\"tr_TR\" \/>\n<meta property=\"og:type\" content=\"article\" \/>\n<meta property=\"og:title\" content=\"\u00dcsk\u00fcdar Klini\u011fimizde Estetik G\u00fcl\u00fc\u015f \u0130\u00e7in Lamine Kaplama\" \/>\n<meta property=\"og:description\" content=\"G\u00fcl\u00fc\u015f Esteti\u011finde Yeni Bir D\u00f6nem: Lamine Kaplama Nedir? G\u00fcl\u00fc\u015f, bir ki\u015finin ilk izleniminde b\u00fcy\u00fck rol oynar. Bembeyaz, d\u00fczg\u00fcn ve sa\u011fl\u0131kl\u0131 g\u00f6r\u00fcnen di\u015fler, \u00f6zg\u00fcveni art\u0131r\u0131rken sosyal hayat\u0131 da olumlu etkiler. G\u00fcn\u00fcm\u00fczde estetik di\u015f hekimli\u011finin sundu\u011fu en etkili y\u00f6ntemlerden biri olan lamine kaplama (veya lamina veneer), do\u011fal g\u00f6r\u00fcn\u00fcml\u00fc ve kal\u0131c\u0131 bir g\u00fcl\u00fc\u015f d\u00f6n\u00fc\u015f\u00fcm\u00fc sa\u011flar. Lamine kaplama, di\u015flerin [&hellip;]\" \/>\n<meta property=\"og:url\" content=\"https:\/\/daryadentalturkey.com\/tr\/uskudar-klinigimizde-estetik-gulus-icin-lamine-kaplama\/\" \/>\n<meta property=\"og:site_name\" content=\"Darya Dental Clinic\" \/>\n<meta property=\"article:publisher\" content=\"https:\/\/www.facebook.com\/daryadentalturkey\" \/>\n<meta property=\"article:published_time\" content=\"2026-01-20T03:44:19+00:00\" \/>\n<meta property=\"article:modified_time\" content=\"2026-01-29T13:42:09+00:00\" \/>\n<meta property=\"og:image\" content=\"https:\/\/daryadentalturkey.com\/wp-content\/uploads\/dis-porselen-lamine-kaplamasi.jpg\" \/>\n\t<meta property=\"og:image:width\" content=\"1080\" \/>\n\t<meta property=\"og:image:height\" content=\"1080\" \/>\n\t<meta property=\"og:image:type\" content=\"image\/jpeg\" \/>\n<meta name=\"author\" content=\"Darya\" \/>\n<meta name=\"twitter:card\" content=\"summary_large_image\" \/>\n<meta name=\"twitter:label1\" content=\"Yazan:\" \/>\n\t<meta name=\"twitter:data1\" content=\"Darya\" \/>\n\t<meta name=\"twitter:label2\" content=\"Tahmini okuma s\u00fcresi\" \/>\n\t<meta name=\"twitter:data2\" content=\"3 dakika\" \/>\n<script type=\"application\/ld+json\" class=\"yoast-schema-graph\">{\"@context\":\"https:\\\/\\\/schema.org\",\"@graph\":[{\"@type\":\"Article\",\"@id\":\"https:\\\/\\\/daryadentalturkey.com\\\/tr\\\/uskudar-klinigimizde-estetik-gulus-icin-lamine-kaplama\\\/#article\",\"isPartOf\":{\"@id\":\"https:\\\/\\\/daryadentalturkey.com\\\/tr\\\/uskudar-klinigimizde-estetik-gulus-icin-lamine-kaplama\\\/\"},\"author\":{\"name\":\"Darya\",\"@id\":\"https:\\\/\\\/daryadentalturkey.com\\\/tr\\\/#\\\/schema\\\/person\\\/480ae97d5cabb8e1362846b675af7992\"},\"headline\":\"\u00dcsk\u00fcdar Klini\u011fimizde Estetik G\u00fcl\u00fc\u015f \u0130\u00e7in Lamine Kaplama\",\"datePublished\":\"2026-01-20T03:44:19+00:00\",\"dateModified\":\"2026-01-29T13:42:09+00:00\",\"mainEntityOfPage\":{\"@id\":\"https:\\\/\\\/daryadentalturkey.com\\\/tr\\\/uskudar-klinigimizde-estetik-gulus-icin-lamine-kaplama\\\/\"},\"wordCount\":825,\"image\":{\"@id\":\"https:\\\/\\\/daryadentalturkey.com\\\/tr\\\/uskudar-klinigimizde-estetik-gulus-icin-lamine-kaplama\\\/#primaryimage\"},\"thumbnailUrl\":\"https:\\\/\\\/daryadentalturkey.com\\\/wp-content\\\/uploads\\\/dis-porselen-lamine-kaplamasi.jpg\",\"articleSection\":[\"Di\u015f Prosed\u00fcrleri\"],\"inLanguage\":\"tr\"},{\"@type\":\"WebPage\",\"@id\":\"https:\\\/\\\/daryadentalturkey.com\\\/tr\\\/uskudar-klinigimizde-estetik-gulus-icin-lamine-kaplama\\\/\",\"url\":\"https:\\\/\\\/daryadentalturkey.com\\\/tr\\\/uskudar-klinigimizde-estetik-gulus-icin-lamine-kaplama\\\/\",\"name\":\"\u00dcsk\u00fcdar Klini\u011fimizde Estetik G\u00fcl\u00fc\u015f \u0130\u00e7in Lamine Kaplama - Darya Dental Clinic\",\"isPartOf\":{\"@id\":\"https:\\\/\\\/daryadentalturkey.com\\\/tr\\\/#website\"},\"primaryImageOfPage\":{\"@id\":\"https:\\\/\\\/daryadentalturkey.com\\\/tr\\\/uskudar-klinigimizde-estetik-gulus-icin-lamine-kaplama\\\/#primaryimage\"},\"image\":{\"@id\":\"https:\\\/\\\/daryadentalturkey.com\\\/tr\\\/uskudar-klinigimizde-estetik-gulus-icin-lamine-kaplama\\\/#primaryimage\"},\"thumbnailUrl\":\"https:\\\/\\\/daryadentalturkey.com\\\/wp-content\\\/uploads\\\/dis-porselen-lamine-kaplamasi.jpg\",\"datePublished\":\"2026-01-20T03:44:19+00:00\",\"dateModified\":\"2026-01-29T13:42:09+00:00\",\"author\":{\"@id\":\"https:\\\/\\\/daryadentalturkey.com\\\/tr\\\/#\\\/schema\\\/person\\\/480ae97d5cabb8e1362846b675af7992\"},\"breadcrumb\":{\"@id\":\"https:\\\/\\\/daryadentalturkey.com\\\/tr\\\/uskudar-klinigimizde-estetik-gulus-icin-lamine-kaplama\\\/#breadcrumb\"},\"inLanguage\":\"tr\",\"potentialAction\":[{\"@type\":\"ReadAction\",\"target\":[\"https:\\\/\\\/daryadentalturkey.com\\\/tr\\\/uskudar-klinigimizde-estetik-gulus-icin-lamine-kaplama\\\/\"]}]},{\"@type\":\"ImageObject\",\"inLanguage\":\"tr\",\"@id\":\"https:\\\/\\\/daryadentalturkey.com\\\/tr\\\/uskudar-klinigimizde-estetik-gulus-icin-lamine-kaplama\\\/#primaryimage\",\"url\":\"https:\\\/\\\/daryadentalturkey.com\\\/wp-content\\\/uploads\\\/dis-porselen-lamine-kaplamasi.jpg\",\"contentUrl\":\"https:\\\/\\\/daryadentalturkey.com\\\/wp-content\\\/uploads\\\/dis-porselen-lamine-kaplamasi.jpg\",\"width\":1080,\"height\":1080},{\"@type\":\"BreadcrumbList\",\"@id\":\"https:\\\/\\\/daryadentalturkey.com\\\/tr\\\/uskudar-klinigimizde-estetik-gulus-icin-lamine-kaplama\\\/#breadcrumb\",\"itemListElement\":[{\"@type\":\"ListItem\",\"position\":1,\"name\":\"Home\",\"item\":\"https:\\\/\\\/daryadentalturkey.com\\\/tr\\\/\"},{\"@type\":\"ListItem\",\"position\":2,\"name\":\"\u00dcsk\u00fcdar Klini\u011fimizde Estetik G\u00fcl\u00fc\u015f \u0130\u00e7in Lamine Kaplama\"}]},{\"@type\":\"WebSite\",\"@id\":\"https:\\\/\\\/daryadentalturkey.com\\\/tr\\\/#website\",\"url\":\"https:\\\/\\\/daryadentalturkey.com\\\/tr\\\/\",\"name\":\"Darya Dental Clinic\",\"description\":\"\",\"potentialAction\":[{\"@type\":\"SearchAction\",\"target\":{\"@type\":\"EntryPoint\",\"urlTemplate\":\"https:\\\/\\\/daryadentalturkey.com\\\/tr\\\/?s={search_term_string}\"},\"query-input\":{\"@type\":\"PropertyValueSpecification\",\"valueRequired\":true,\"valueName\":\"search_term_string\"}}],\"inLanguage\":\"tr\"},{\"@type\":\"Person\",\"@id\":\"https:\\\/\\\/daryadentalturkey.com\\\/tr\\\/#\\\/schema\\\/person\\\/480ae97d5cabb8e1362846b675af7992\",\"name\":\"Darya\",\"image\":{\"@type\":\"ImageObject\",\"inLanguage\":\"tr\",\"@id\":\"https:\\\/\\\/secure.gravatar.com\\\/avatar\\\/a1083e3dcbba0808dfb5c8d2e90eb1866222850acd8feca720bcb0b64a545c83?s=96&d=mm&r=g\",\"url\":\"https:\\\/\\\/secure.gravatar.com\\\/avatar\\\/a1083e3dcbba0808dfb5c8d2e90eb1866222850acd8feca720bcb0b64a545c83?s=96&d=mm&r=g\",\"contentUrl\":\"https:\\\/\\\/secure.gravatar.com\\\/avatar\\\/a1083e3dcbba0808dfb5c8d2e90eb1866222850acd8feca720bcb0b64a545c83?s=96&d=mm&r=g\",\"caption\":\"Darya\"},\"url\":\"https:\\\/\\\/daryadentalturkey.com\\\/tr\\\/author\\\/darya\\\/\"}]}<\/script>\n<!-- \/ Yoast SEO Premium plugin. -->","yoast_head_json":{"title":"\u00dcsk\u00fcdar Klini\u011fimizde Estetik G\u00fcl\u00fc\u015f \u0130\u00e7in Lamine Kaplama - Darya Dental Clinic","robots":{"index":"index","follow":"follow","max-snippet":"max-snippet:-1","max-image-preview":"max-image-preview:large","max-video-preview":"max-video-preview:-1"},"canonical":"https:\/\/daryadentalturkey.com\/tr\/uskudar-klinigimizde-estetik-gulus-icin-lamine-kaplama\/","og_locale":"tr_TR","og_type":"article","og_title":"\u00dcsk\u00fcdar Klini\u011fimizde Estetik G\u00fcl\u00fc\u015f \u0130\u00e7in Lamine Kaplama","og_description":"G\u00fcl\u00fc\u015f Esteti\u011finde Yeni Bir D\u00f6nem: Lamine Kaplama Nedir? G\u00fcl\u00fc\u015f, bir ki\u015finin ilk izleniminde b\u00fcy\u00fck rol oynar. Bembeyaz, d\u00fczg\u00fcn ve sa\u011fl\u0131kl\u0131 g\u00f6r\u00fcnen di\u015fler, \u00f6zg\u00fcveni art\u0131r\u0131rken sosyal hayat\u0131 da olumlu etkiler. G\u00fcn\u00fcm\u00fczde estetik di\u015f hekimli\u011finin sundu\u011fu en etkili y\u00f6ntemlerden biri olan lamine kaplama (veya lamina veneer), do\u011fal g\u00f6r\u00fcn\u00fcml\u00fc ve kal\u0131c\u0131 bir g\u00fcl\u00fc\u015f d\u00f6n\u00fc\u015f\u00fcm\u00fc sa\u011flar. Lamine kaplama, di\u015flerin [&hellip;]","og_url":"https:\/\/daryadentalturkey.com\/tr\/uskudar-klinigimizde-estetik-gulus-icin-lamine-kaplama\/","og_site_name":"Darya Dental Clinic","article_publisher":"https:\/\/www.facebook.com\/daryadentalturkey","article_published_time":"2026-01-20T03:44:19+00:00","article_modified_time":"2026-01-29T13:42:09+00:00","og_image":[{"width":1080,"height":1080,"url":"https:\/\/daryadentalturkey.com\/wp-content\/uploads\/dis-porselen-lamine-kaplamasi.jpg","type":"image\/jpeg"}],"author":"Darya","twitter_card":"summary_large_image","twitter_misc":{"Yazan:":"Darya","Tahmini okuma s\u00fcresi":"3 dakika"},"schema":{"@context":"https:\/\/schema.org","@graph":[{"@type":"Article","@id":"https:\/\/daryadentalturkey.com\/tr\/uskudar-klinigimizde-estetik-gulus-icin-lamine-kaplama\/#article","isPartOf":{"@id":"https:\/\/daryadentalturkey.com\/tr\/uskudar-klinigimizde-estetik-gulus-icin-lamine-kaplama\/"},"author":{"name":"Darya","@id":"https:\/\/daryadentalturkey.com\/tr\/#\/schema\/person\/480ae97d5cabb8e1362846b675af7992"},"headline":"\u00dcsk\u00fcdar Klini\u011fimizde Estetik G\u00fcl\u00fc\u015f \u0130\u00e7in Lamine Kaplama","datePublished":"2026-01-20T03:44:19+00:00","dateModified":"2026-01-29T13:42:09+00:00","mainEntityOfPage":{"@id":"https:\/\/daryadentalturkey.com\/tr\/uskudar-klinigimizde-estetik-gulus-icin-lamine-kaplama\/"},"wordCount":825,"image":{"@id":"https:\/\/daryadentalturkey.com\/tr\/uskudar-klinigimizde-estetik-gulus-icin-lamine-kaplama\/#primaryimage"},"thumbnailUrl":"https:\/\/daryadentalturkey.com\/wp-content\/uploads\/dis-porselen-lamine-kaplamasi.jpg","articleSection":["Di\u015f Prosed\u00fcrleri"],"inLanguage":"tr"},{"@type":"WebPage","@id":"https:\/\/daryadentalturkey.com\/tr\/uskudar-klinigimizde-estetik-gulus-icin-lamine-kaplama\/","url":"https:\/\/daryadentalturkey.com\/tr\/uskudar-klinigimizde-estetik-gulus-icin-lamine-kaplama\/","name":"\u00dcsk\u00fcdar Klini\u011fimizde Estetik G\u00fcl\u00fc\u015f \u0130\u00e7in Lamine Kaplama - Darya Dental Clinic","isPartOf":{"@id":"https:\/\/daryadentalturkey.com\/tr\/#website"},"primaryImageOfPage":{"@id":"https:\/\/daryadentalturkey.com\/tr\/uskudar-klinigimizde-estetik-gulus-icin-lamine-kaplama\/#primaryimage"},"image":{"@id":"https:\/\/daryadentalturkey.com\/tr\/uskudar-klinigimizde-estetik-gulus-icin-lamine-kaplama\/#primaryimage"},"thumbnailUrl":"https:\/\/daryadentalturkey.com\/wp-content\/uploads\/dis-porselen-lamine-kaplamasi.jpg","datePublished":"2026-01-20T03:44:19+00:00","dateModified":"2026-01-29T13:42:09+00:00","author":{"@id":"https:\/\/daryadentalturkey.com\/tr\/#\/schema\/person\/480ae97d5cabb8e1362846b675af7992"},"breadcrumb":{"@id":"https:\/\/daryadentalturkey.com\/tr\/uskudar-klinigimizde-estetik-gulus-icin-lamine-kaplama\/#breadcrumb"},"inLanguage":"tr","potentialAction":[{"@type":"ReadAction","target":["https:\/\/daryadentalturkey.com\/tr\/uskudar-klinigimizde-estetik-gulus-icin-lamine-kaplama\/"]}]},{"@type":"ImageObject","inLanguage":"tr","@id":"https:\/\/daryadentalturkey.com\/tr\/uskudar-klinigimizde-estetik-gulus-icin-lamine-kaplama\/#primaryimage","url":"https:\/\/daryadentalturkey.com\/wp-content\/uploads\/dis-porselen-lamine-kaplamasi.jpg","contentUrl":"https:\/\/daryadentalturkey.com\/wp-content\/uploads\/dis-porselen-lamine-kaplamasi.jpg","width":1080,"height":1080},{"@type":"BreadcrumbList","@id":"https:\/\/daryadentalturkey.com\/tr\/uskudar-klinigimizde-estetik-gulus-icin-lamine-kaplama\/#breadcrumb","itemListElement":[{"@type":"ListItem","position":1,"name":"Home","item":"https:\/\/daryadentalturkey.com\/tr\/"},{"@type":"ListItem","position":2,"name":"\u00dcsk\u00fcdar Klini\u011fimizde Estetik G\u00fcl\u00fc\u015f \u0130\u00e7in Lamine Kaplama"}]},{"@type":"WebSite","@id":"https:\/\/daryadentalturkey.com\/tr\/#website","url":"https:\/\/daryadentalturkey.com\/tr\/","name":"Darya Dental Clinic","description":"","potentialAction":[{"@type":"SearchAction","target":{"@type":"EntryPoint","urlTemplate":"https:\/\/daryadentalturkey.com\/tr\/?s={search_term_string}"},"query-input":{"@type":"PropertyValueSpecification","valueRequired":true,"valueName":"search_term_string"}}],"inLanguage":"tr"},{"@type":"Person","@id":"https:\/\/daryadentalturkey.com\/tr\/#\/schema\/person\/480ae97d5cabb8e1362846b675af7992","name":"Darya","image":{"@type":"ImageObject","inLanguage":"tr","@id":"https:\/\/secure.gravatar.com\/avatar\/a1083e3dcbba0808dfb5c8d2e90eb1866222850acd8feca720bcb0b64a545c83?s=96&d=mm&r=g","url":"https:\/\/secure.gravatar.com\/avatar\/a1083e3dcbba0808dfb5c8d2e90eb1866222850acd8feca720bcb0b64a545c83?s=96&d=mm&r=g","contentUrl":"https:\/\/secure.gravatar.com\/avatar\/a1083e3dcbba0808dfb5c8d2e90eb1866222850acd8feca720bcb0b64a545c83?s=96&d=mm&r=g","caption":"Darya"},"url":"https:\/\/daryadentalturkey.com\/tr\/author\/darya\/"}]}},"_links":{"self":[{"href":"https:\/\/daryadentalturkey.com\/tr\/wp-json\/wp\/v2\/posts\/2897","targetHints":{"allow":["GET"]}}],"collection":[{"href":"https:\/\/daryadentalturkey.com\/tr\/wp-json\/wp\/v2\/posts"}],"about":[{"href":"https:\/\/daryadentalturkey.com\/tr\/wp-json\/wp\/v2\/types\/post"}],"author":[{"embeddable":true,"href":"https:\/\/daryadentalturkey.com\/tr\/wp-json\/wp\/v2\/users\/3"}],"replies":[{"embeddable":true,"href":"https:\/\/daryadentalturkey.com\/tr\/wp-json\/wp\/v2\/comments?post=2897"}],"version-history":[{"count":1,"href":"https:\/\/daryadentalturkey.com\/tr\/wp-json\/wp\/v2\/posts\/2897\/revisions"}],"predecessor-version":[{"id":2898,"href":"https:\/\/daryadentalturkey.com\/tr\/wp-json\/wp\/v2\/posts\/2897\/revisions\/2898"}],"wp:featuredmedia":[{"embeddable":true,"href":"https:\/\/daryadentalturkey.com\/tr\/wp-json\/wp\/v2\/media\/2920"}],"wp:attachment":[{"href":"https:\/\/daryadentalturkey.com\/tr\/wp-json\/wp\/v2\/media?parent=2897"}],"wp:term":[{"taxonomy":"category","embeddable":true,"href":"https:\/\/daryadentalturkey.com\/tr\/wp-json\/wp\/v2\/categories?post=2897"},{"taxonomy":"post_tag","embeddable":true,"href":"https:\/\/daryadentalturkey.com\/tr\/wp-json\/wp\/v2\/tags?post=2897"}],"curies":[{"name":"wp","href":"https:\/\/api.w.org\/{rel}","templated":true}]}}